{"id":7605,"date":"2021-12-15T08:35:43","date_gmt":"2021-12-15T08:35:43","guid":{"rendered":"https:\/\/ifergangallery.com\/news\/7605\/"},"modified":"2022-06-03T10:54:44","modified_gmt":"2022-06-03T10:54:44","slug":"the-bust-of-emperor-antoninus-pius-in-the-press","status":"publish","type":"post","link":"https:\/\/ifergangallery.com\/es\/news\/7605\/","title":{"rendered":"El busto del emperador Antonino Pio en la prensa"},"content":{"rendered":"<p>Durante los \u00faltimos d\u00edas de noviembre de 2021, los peri\u00f3dicos del panorama art\u00edstico del sur de Espa\u00f1a han estado comentando la venta del busto romano de Antonino Pio. Se han estado publicando diferentes art\u00edculos, entre ellos:<\/p>\n\n\n\n<p><a href=\"https:\/\/www.diariosur.es\/culturas\/busto-emperador-romano-venta-20211130134943-nt.html\">&#8220;El busto del emperador romano Antonino que apareci\u00f3 en Huelin est\u00e1 en venta&#8221;<\/a><\/p>\n\n\n\n<p>Posteriormente, la periodista Sotorr\u00edo public\u00f3 sobre Antonino Pio:<br><a href=\"https:\/\/www.diariosur.es\/culturas\/academia-san-telmo-busto-antonino-compra-junta-20211201104109-nt.html\">&#8220;La Academia de San Telmo reclama a la Junta que compre el busto de Antonino para La Aduana&#8221;<\/a><\/p>\n\n\n\n<p>Y en la \u00faltima publicaci\u00f3n, la Junta de Andaluc\u00eda declar\u00f3:<br><a href=\"https:\/\/www.diariosur.es\/culturas\/junta-quiere-comprar-busto-antonino-20211202155829-nt.html\">&#8220;La Junta quiere comprar el busto de Antonino P\u00edo para la Aduana&#8221;<\/a><\/p>\n\n\n\n<p>En el \u00faltimo art\u00edculo, Regina recalca:<\/p>\n\n\n\n<blockquote class=\"wp-block-quote\"><p><br>&#8220;El busto de Antonino P\u00edo est\u00e1 m\u00e1s cerca de quedarse definitivamente en M\u00e1laga. La Junta reacciona al llamamiento de la ciudad y toma la iniciativa para adquirir la escultura del emperador romano hallada en Huelin, ahora en venta por su propietario Vicente Jim\u00e9nez Ifergan. Fuentes de la consejer\u00eda de Cultura confirman a este peri\u00f3dico que ambas partes han iniciado las conversaciones para fijar los t\u00e9rminos de la compra de este Bien de Inter\u00e9s Cultural, el \u00fanico retrato imperial que se conserva de la M\u00e1laga romana.&#8221;<\/p><\/blockquote>\n\n\n\n<p>Puede visitar cualquiera de los art\u00edculos haciendo click sobre el t\u00edtulo de cada uno de ellos.<\/p>\n\n\n\n<p><\/p>","protected":false},"excerpt":{"rendered":"<p>Durante los \u00faltimos d\u00edas de noviembre de 2021, los peri\u00f3dicos del panorama art\u00edstico del sur de Espa\u00f1a han estado comentando la venta del busto romano de Antonino Pio. Se han estado publicando diferentes art\u00edculos, entre ellos: &#8220;El busto del emperador romano Antonino que apareci\u00f3 en Huelin est\u00e1 en venta&#8221; Posteriormente, la periodista Sotorr\u00edo public\u00f3 sobre &hellip;<\/p>\n<p class=\"read-more\"> <a class=\"\" href=\"https:\/\/ifergangallery.com\/es\/news\/7605\/\"> <span class=\"screen-reader-text\">El busto del emperador Antonino Pio en la prensa<\/span> Leer m\u00e1s &raquo;<\/a><\/p>","protected":false},"author":1,"featured_media":10260,"comment_status":"closed","ping_status":"open","sticky":false,"template":"","format":"standard","meta":{"spay_email":""},"categories":[90],"tags":[],"yoast_head":"<!-- This site is optimized with the Yoast SEO Premium plugin v17.6 (Yoast SEO v17.6) - https:\/\/yoast.com\/wordpress\/plugins\/seo\/ -->\n<title>El busto del emperador Antonino Pio en la prensa &ndash; Ifergan Gallery<\/title>\n<meta name=\"description\" content=\"El busto del emperador Antonino Pio en la prensa. La Junta de Andaluc\u00eda se proclama en derecho a comprarlo y mantenerlo en M\u00e1laga.\" \/>\n<meta name=\"robots\" content=\"index, follow, max-snippet:-1, max-image-preview:large, max-video-preview:-1\" \/>\n<link rel=\"canonical\" href=\"https:\/\/ifergangallery.com\/es\/news\/7605\/\" \/>\n<meta property=\"og:locale\" content=\"es_ES\" \/>\n<meta property=\"og:type\" content=\"article\" \/>\n<meta property=\"og:title\" content=\"El busto del emperador Antonino Pio en la prensa\" \/>\n<meta property=\"og:description\" content=\"El busto del emperador Antonino Pio en la prensa. La Junta de Andaluc\u00eda se proclama en derecho a comprarlo y mantenerlo en M\u00e1laga.\" \/>\n<meta property=\"og:url\" content=\"https:\/\/ifergangallery.com\/es\/news\/7605\/\" \/>\n<meta property=\"og:site_name\" content=\"Ifergan Gallery\" \/>\n<meta property=\"article:publisher\" content=\"https:\/\/www.facebook.com\/Ifergancollectionmalaga\" \/>\n<meta property=\"article:published_time\" content=\"2021-12-15T08:35:43+00:00\" \/>\n<meta property=\"article:modified_time\" content=\"2022-06-03T10:54:44+00:00\" \/>\n<meta property=\"og:image\" content=\"https:\/\/ifergangallery.com\/wp-content\/uploads\/2021\/12\/agb-1-scaled.jpg\" \/>\n\t<meta property=\"og:image:width\" content=\"2560\" \/>\n\t<meta property=\"og:image:height\" content=\"2560\" \/>\n<meta name=\"twitter:card\" content=\"summary_large_image\" \/>\n<meta name=\"twitter:creator\" content=\"@Ifergangallery\" \/>\n<meta name=\"twitter:site\" content=\"@Ifergangallery\" \/>\n<meta name=\"twitter:label1\" content=\"Escrito por\" \/>\n\t<meta name=\"twitter:data1\" content=\"admin4992\" \/>\n\t<meta name=\"twitter:label2\" content=\"Tiempo de lectura\" \/>\n\t<meta name=\"twitter:data2\" content=\"1 minuto\" \/>\n<script type=\"application\/ld+json\" class=\"yoast-schema-graph\">{\"@context\":\"https:\/\/schema.org\",\"@graph\":[{\"@type\":\"Organization\",\"@id\":\"https:\/\/ifergangallery.com\/#organization\",\"name\":\"Ifergan Gallery\",\"url\":\"https:\/\/ifergangallery.com\/\",\"sameAs\":[\"https:\/\/www.facebook.com\/Ifergancollectionmalaga\",\"https:\/\/www.instagram.com\/ifergangallery\/\",\"https:\/\/www.youtube.com\/channel\/UC2O2zZ9BJKhbUFOnu_5mE3g\",\"https:\/\/twitter.com\/Ifergangallery\"],\"logo\":{\"@type\":\"ImageObject\",\"@id\":\"https:\/\/ifergangallery.com\/#logo\",\"inLanguage\":\"es\",\"url\":\"https:\/\/ifergangallery.com\/wp-content\/uploads\/2021\/09\/Imagotipo_blanco-e1637271379231.png\",\"contentUrl\":\"https:\/\/ifergangallery.com\/wp-content\/uploads\/2021\/09\/Imagotipo_blanco-e1637271379231.png\",\"width\":1920,\"height\":1065,\"caption\":\"Ifergan Gallery\"},\"image\":{\"@id\":\"https:\/\/ifergangallery.com\/#logo\"}},{\"@type\":\"WebSite\",\"@id\":\"https:\/\/ifergangallery.com\/#website\",\"url\":\"https:\/\/ifergangallery.com\/\",\"name\":\"Ifergan Gallery\",\"description\":\"Ancient Art Gallery\",\"publisher\":{\"@id\":\"https:\/\/ifergangallery.com\/#organization\"},\"potentialAction\":[{\"@type\":\"SearchAction\",\"target\":{\"@type\":\"EntryPoint\",\"urlTemplate\":\"https:\/\/ifergangallery.com\/?s={search_term_string}\"},\"query-input\":\"required name=search_term_string\"}],\"inLanguage\":\"es\"},{\"@type\":\"ImageObject\",\"@id\":\"https:\/\/ifergangallery.com\/es\/news\/7605\/#primaryimage\",\"inLanguage\":\"es\",\"url\":\"https:\/\/ifergangallery.com\/wp-content\/uploads\/2021\/12\/agb-1-scaled.jpg\",\"contentUrl\":\"https:\/\/ifergangallery.com\/wp-content\/uploads\/2021\/12\/agb-1-scaled.jpg\",\"width\":2560,\"height\":2560},{\"@type\":\"WebPage\",\"@id\":\"https:\/\/ifergangallery.com\/es\/news\/7605\/#webpage\",\"url\":\"https:\/\/ifergangallery.com\/es\/news\/7605\/\",\"name\":\"El busto del emperador Antonino Pio en la prensa &ndash; Ifergan Gallery\",\"isPartOf\":{\"@id\":\"https:\/\/ifergangallery.com\/#website\"},\"primaryImageOfPage\":{\"@id\":\"https:\/\/ifergangallery.com\/es\/news\/7605\/#primaryimage\"},\"datePublished\":\"2021-12-15T08:35:43+00:00\",\"dateModified\":\"2022-06-03T10:54:44+00:00\",\"description\":\"El busto del emperador Antonino Pio en la prensa. La Junta de Andaluc\\u00eda se proclama en derecho a comprarlo y mantenerlo en M\\u00e1laga.\",\"breadcrumb\":{\"@id\":\"https:\/\/ifergangallery.com\/es\/news\/7605\/#breadcrumb\"},\"inLanguage\":\"es\",\"potentialAction\":[{\"@type\":\"ReadAction\",\"target\":[\"https:\/\/ifergangallery.com\/es\/news\/7605\/\"]}]},{\"@type\":\"BreadcrumbList\",\"@id\":\"https:\/\/ifergangallery.com\/es\/news\/7605\/#breadcrumb\",\"itemListElement\":[{\"@type\":\"ListItem\",\"position\":1,\"name\":\"Home\",\"item\":\"https:\/\/ifergangallery.com\/es\/\"},{\"@type\":\"ListItem\",\"position\":2,\"name\":\"El busto del emperador Antonino Pio en la prensa\"}]},{\"@type\":\"Article\",\"@id\":\"https:\/\/ifergangallery.com\/es\/news\/7605\/#article\",\"isPartOf\":{\"@id\":\"https:\/\/ifergangallery.com\/es\/news\/7605\/#webpage\"},\"author\":{\"@id\":\"https:\/\/ifergangallery.com\/#\/schema\/person\/311bbd2b93017e77b8e411593ba4a3b3\"},\"headline\":\"El busto del emperador Antonino Pio en la prensa\",\"datePublished\":\"2021-12-15T08:35:43+00:00\",\"dateModified\":\"2022-06-03T10:54:44+00:00\",\"mainEntityOfPage\":{\"@id\":\"https:\/\/ifergangallery.com\/es\/news\/7605\/#webpage\"},\"wordCount\":233,\"publisher\":{\"@id\":\"https:\/\/ifergangallery.com\/#organization\"},\"image\":{\"@id\":\"https:\/\/ifergangallery.com\/es\/news\/7605\/#primaryimage\"},\"thumbnailUrl\":\"https:\/\/ifergangallery.com\/wp-content\/uploads\/2021\/12\/agb-1-scaled.jpg\",\"articleSection\":[\"Sin categorizar\"],\"inLanguage\":\"es\"},{\"@type\":\"Person\",\"@id\":\"https:\/\/ifergangallery.com\/#\/schema\/person\/311bbd2b93017e77b8e411593ba4a3b3\",\"name\":\"admin4992\",\"image\":{\"@type\":\"ImageObject\",\"@id\":\"https:\/\/ifergangallery.com\/#personlogo\",\"inLanguage\":\"es\",\"url\":\"https:\/\/secure.gravatar.com\/avatar\/366d5880c9edb231825cba8f681459ef?s=96&d=https%3A%2F%2Fsnackjerusalem.com%2Fwp-content%2Fuploads%2F2021%2F10%2FLeon_color.png&r=g\",\"contentUrl\":\"https:\/\/secure.gravatar.com\/avatar\/366d5880c9edb231825cba8f681459ef?s=96&d=https%3A%2F%2Fsnackjerusalem.com%2Fwp-content%2Fuploads%2F2021%2F10%2FLeon_color.png&r=g\",\"caption\":\"admin4992\"},\"sameAs\":[\"http:\/\/snackjerusalem.com\"]}]}<\/script>\n<!-- \/ Yoast SEO Premium plugin. -->","yoast_head_json":{"title":"El busto del emperador Antonino Pio en la prensa &ndash; Ifergan Gallery","description":"El busto del emperador Antonino Pio en la prensa. La Junta de Andaluc\u00eda se proclama en derecho a comprarlo y mantenerlo en M\u00e1laga.","robots":{"index":"index","follow":"follow","max-snippet":"max-snippet:-1","max-image-preview":"max-image-preview:large","max-video-preview":"max-video-preview:-1"},"canonical":"https:\/\/ifergangallery.com\/es\/news\/7605\/","og_locale":"es_ES","og_type":"article","og_title":"El busto del emperador Antonino Pio en la prensa","og_description":"El busto del emperador Antonino Pio en la prensa. La Junta de Andaluc\u00eda se proclama en derecho a comprarlo y mantenerlo en M\u00e1laga.","og_url":"https:\/\/ifergangallery.com\/es\/news\/7605\/","og_site_name":"Ifergan Gallery","article_publisher":"https:\/\/www.facebook.com\/Ifergancollectionmalaga","article_published_time":"2021-12-15T08:35:43+00:00","article_modified_time":"2022-06-03T10:54:44+00:00","og_image":[{"width":2560,"height":2560,"url":"https:\/\/ifergangallery.com\/wp-content\/uploads\/2021\/12\/agb-1-scaled.jpg","type":"image\/jpeg"}],"twitter_card":"summary_large_image","twitter_creator":"@Ifergangallery","twitter_site":"@Ifergangallery","twitter_misc":{"Escrito por":"admin4992","Tiempo de lectura":"1 minuto"},"schema":{"@context":"https:\/\/schema.org","@graph":[{"@type":"Organization","@id":"https:\/\/ifergangallery.com\/#organization","name":"Ifergan Gallery","url":"https:\/\/ifergangallery.com\/","sameAs":["https:\/\/www.facebook.com\/Ifergancollectionmalaga","https:\/\/www.instagram.com\/ifergangallery\/","https:\/\/www.youtube.com\/channel\/UC2O2zZ9BJKhbUFOnu_5mE3g","https:\/\/twitter.com\/Ifergangallery"],"logo":{"@type":"ImageObject","@id":"https:\/\/ifergangallery.com\/#logo","inLanguage":"es","url":"https:\/\/ifergangallery.com\/wp-content\/uploads\/2021\/09\/Imagotipo_blanco-e1637271379231.png","contentUrl":"https:\/\/ifergangallery.com\/wp-content\/uploads\/2021\/09\/Imagotipo_blanco-e1637271379231.png","width":1920,"height":1065,"caption":"Ifergan Gallery"},"image":{"@id":"https:\/\/ifergangallery.com\/#logo"}},{"@type":"WebSite","@id":"https:\/\/ifergangallery.com\/#website","url":"https:\/\/ifergangallery.com\/","name":"Ifergan Gallery","description":"Ancient Art Gallery","publisher":{"@id":"https:\/\/ifergangallery.com\/#organization"},"potentialAction":[{"@type":"SearchAction","target":{"@type":"EntryPoint","urlTemplate":"https:\/\/ifergangallery.com\/?s={search_term_string}"},"query-input":"required name=search_term_string"}],"inLanguage":"es"},{"@type":"ImageObject","@id":"https:\/\/ifergangallery.com\/es\/news\/7605\/#primaryimage","inLanguage":"es","url":"https:\/\/ifergangallery.com\/wp-content\/uploads\/2021\/12\/agb-1-scaled.jpg","contentUrl":"https:\/\/ifergangallery.com\/wp-content\/uploads\/2021\/12\/agb-1-scaled.jpg","width":2560,"height":2560},{"@type":"WebPage","@id":"https:\/\/ifergangallery.com\/es\/news\/7605\/#webpage","url":"https:\/\/ifergangallery.com\/es\/news\/7605\/","name":"El busto del emperador Antonino Pio en la prensa &ndash; Ifergan Gallery","isPartOf":{"@id":"https:\/\/ifergangallery.com\/#website"},"primaryImageOfPage":{"@id":"https:\/\/ifergangallery.com\/es\/news\/7605\/#primaryimage"},"datePublished":"2021-12-15T08:35:43+00:00","dateModified":"2022-06-03T10:54:44+00:00","description":"El busto del emperador Antonino Pio en la prensa. La Junta de Andaluc\u00eda se proclama en derecho a comprarlo y mantenerlo en M\u00e1laga.","breadcrumb":{"@id":"https:\/\/ifergangallery.com\/es\/news\/7605\/#breadcrumb"},"inLanguage":"es","potentialAction":[{"@type":"ReadAction","target":["https:\/\/ifergangallery.com\/es\/news\/7605\/"]}]},{"@type":"BreadcrumbList","@id":"https:\/\/ifergangallery.com\/es\/news\/7605\/#breadcrumb","itemListElement":[{"@type":"ListItem","position":1,"name":"Home","item":"https:\/\/ifergangallery.com\/es\/"},{"@type":"ListItem","position":2,"name":"El busto del emperador Antonino Pio en la prensa"}]},{"@type":"Article","@id":"https:\/\/ifergangallery.com\/es\/news\/7605\/#article","isPartOf":{"@id":"https:\/\/ifergangallery.com\/es\/news\/7605\/#webpage"},"author":{"@id":"https:\/\/ifergangallery.com\/#\/schema\/person\/311bbd2b93017e77b8e411593ba4a3b3"},"headline":"El busto del emperador Antonino Pio en la prensa","datePublished":"2021-12-15T08:35:43+00:00","dateModified":"2022-06-03T10:54:44+00:00","mainEntityOfPage":{"@id":"https:\/\/ifergangallery.com\/es\/news\/7605\/#webpage"},"wordCount":233,"publisher":{"@id":"https:\/\/ifergangallery.com\/#organization"},"image":{"@id":"https:\/\/ifergangallery.com\/es\/news\/7605\/#primaryimage"},"thumbnailUrl":"https:\/\/ifergangallery.com\/wp-content\/uploads\/2021\/12\/agb-1-scaled.jpg","articleSection":["Sin categorizar"],"inLanguage":"es"},{"@type":"Person","@id":"https:\/\/ifergangallery.com\/#\/schema\/person\/311bbd2b93017e77b8e411593ba4a3b3","name":"admin4992","image":{"@type":"ImageObject","@id":"https:\/\/ifergangallery.com\/#personlogo","inLanguage":"es","url":"https:\/\/secure.gravatar.com\/avatar\/366d5880c9edb231825cba8f681459ef?s=96&d=https%3A%2F%2Fsnackjerusalem.com%2Fwp-content%2Fuploads%2F2021%2F10%2FLeon_color.png&r=g","contentUrl":"https:\/\/secure.gravatar.com\/avatar\/366d5880c9edb231825cba8f681459ef?s=96&d=https%3A%2F%2Fsnackjerusalem.com%2Fwp-content%2Fuploads%2F2021%2F10%2FLeon_color.png&r=g","caption":"admin4992"},"sameAs":["http:\/\/snackjerusalem.com"]}]}},"jetpack_featured_media_url":"https:\/\/ifergangallery.com\/wp-content\/uploads\/2021\/12\/agb-1-scaled.jpg","_links":{"self":[{"href":"https:\/\/ifergangallery.com\/es\/wp-json\/wp\/v2\/posts\/7605"}],"collection":[{"href":"https:\/\/ifergangallery.com\/es\/wp-json\/wp\/v2\/posts"}],"about":[{"href":"https:\/\/ifergangallery.com\/es\/wp-json\/wp\/v2\/types\/post"}],"author":[{"embeddable":true,"href":"https:\/\/ifergangallery.com\/es\/wp-json\/wp\/v2\/users\/1"}],"replies":[{"embeddable":true,"href":"https:\/\/ifergangallery.com\/es\/wp-json\/wp\/v2\/comments?post=7605"}],"version-history":[{"count":1,"href":"https:\/\/ifergangallery.com\/es\/wp-json\/wp\/v2\/posts\/7605\/revisions"}],"predecessor-version":[{"id":7608,"href":"https:\/\/ifergangallery.com\/es\/wp-json\/wp\/v2\/posts\/7605\/revisions\/7608"}],"wp:featuredmedia":[{"embeddable":true,"href":"https:\/\/ifergangallery.com\/es\/wp-json\/wp\/v2\/media\/10260"}],"wp:attachment":[{"href":"https:\/\/ifergangallery.com\/es\/wp-json\/wp\/v2\/media?parent=7605"}],"wp:term":[{"taxonomy":"category","embeddable":true,"href":"https:\/\/ifergangallery.com\/es\/wp-json\/wp\/v2\/categories?post=7605"},{"taxonomy":"post_tag","embeddable":true,"href":"https:\/\/ifergangallery.com\/es\/wp-json\/wp\/v2\/tags?post=7605"}],"curies":[{"name":"wp","href":"https:\/\/api.w.org\/{rel}","templated":true}]}}